{"id":27,"date":"2018-07-16T17:29:16","date_gmt":"2018-07-16T17:29:16","guid":{"rendered":"http:\/\/www.katarinahall.se\/?p=27"},"modified":"2020-06-11T10:09:42","modified_gmt":"2020-06-11T10:09:42","slug":"min-sambo-tycker-vi-ska-satsa-pa-led-konvertering","status":"publish","type":"post","link":"http:\/\/www.katarinahall.se\/?p=27","title":{"rendered":"Min sambo tycker vi ska satsa p\u00e5 led konvertering"},"content":{"rendered":"<p>Efter att semestern \u00e4ntligen dragit ig\u00e5ng s\u00e5 trodde jag att man skulle kunna varva ner lite grann, men icke. S\u00e5 fort semesterdagarna kickade in s\u00e5 stod Thomas (min man) och undrade om det inte vore l\u00e4mpligt att skaffa nya bil lampor. Vi har en Renault Megane 2009 \u00e5rs modell och helljuset \u00e4r ingen av oss n\u00f6jda med. L\u00f6sningen p\u00e5 problemet enligt honom \u00e4r att vi uppgraderar ljuset p\u00e5 bilen med led lampor, genom ett s\u00e5 kallat led kit eller <a href=\"https:\/\/ljusgiganten.se\/led-konvertering\">led konvertering<\/a>. Vi letade runt p\u00e5 m\u00e5nga olika webbutiker och gjorde en ordentlig research mellan olika varum\u00e4rken. Vi besl\u00f6t oss f\u00f6r att satsa p\u00e5 IPF som \u00e4r ett k\u00e4nt japanskt varum\u00e4rke som funnits p\u00e5 marknaden i m\u00e5nga \u00e5r. Jag \u00e4r ingen expert p\u00e5 bilar och fordon och d\u00e4rf\u00f6r fick min sambo ta det slutgiltiga beslutet. Enligt honom s\u00e5 erbjuder IPF de b\u00e4sta lamporna f\u00f6r led konvertering p\u00e5 grund av sin exakta ljusbild som godk\u00e4nns i en vanlig besiktning. Inget att oroa sig f\u00f6r d\u00e4r med andra ord.<\/p>\n<p>&nbsp;<\/p>\n<h2>Jag vill rekommendera Ljusgiganten till er l\u00e4sare<\/h2>\n<p>Vi best\u00e4llde IPF konvertering fr\u00e5n butiken <a href=\"https:\/\/ljusgiganten.se\">Ljusgiganten<\/a> som jag vill tacka f\u00f6r god service och snabb leverans. Vi best\u00e4llde lamporna en Torsdag och de var framme dagen efter redo att h\u00e4mtas ut hos n\u00e4rmaste postombud. Jag har tidigare best\u00e4llt mycket p\u00e5 n\u00e4tet och s\u00e4llan f\u00e5tt en lika god service. Ett extra tack till Jonas som l\u00e4t mig best\u00e4lla p\u00e5 telefon och \u00e4ven skickade med en extra DT-kontakt som jag beh\u00f6vde till en helt annan lampa som inte ens var ink\u00f6pt hos dom. Jag funderade p\u00e5 att skaffa mig en Rigid lampa till en b\u00f6rjan men till slut blev det ett led-kit ist\u00e4llet f\u00f6r ett externt extraljus d\u00e5 det \u00e4r snyggare och mer stilrent.<\/p>\n","protected":false},"excerpt":{"rendered":"<p>Efter att semestern \u00e4ntligen dragit ig\u00e5ng s\u00e5 trodde jag att man skulle kunna varva ner lite grann, men icke. S\u00e5 fort semesterdagarna kickade in s\u00e5 stod Thomas (min man) och undrade om det inte vore l\u00e4mpligt att skaffa nya bil lampor. Vi har en Renault Megane 2009 \u00e5rs modell och helljuset \u00e4r ingen av oss<\/p>\n<div class=\"clear\"><\/div>\n<p><a class=\"ReadMore\" href=\"http:\/\/www.katarinahall.se\/?p=27\">Read More<\/a><\/p>\n","protected":false},"author":1,"featured_media":28,"comment_status":"open","ping_status":"open","sticky":false,"template":"","format":"standard","meta":{"footnotes":""},"categories":[3],"tags":[],"_links":{"self":[{"href":"http:\/\/www.katarinahall.se\/index.php?rest_route=\/wp\/v2\/posts\/27"}],"collection":[{"href":"http:\/\/www.katarinahall.se\/index.php?rest_route=\/wp\/v2\/posts"}],"about":[{"href":"http:\/\/www.katarinahall.se\/index.php?rest_route=\/wp\/v2\/types\/post"}],"author":[{"embeddable":true,"href":"http:\/\/www.katarinahall.se\/index.php?rest_route=\/wp\/v2\/users\/1"}],"replies":[{"embeddable":true,"href":"http:\/\/www.katarinahall.se\/index.php?rest_route=%2Fwp%2Fv2%2Fcomments&post=27"}],"version-history":[{"count":5,"href":"http:\/\/www.katarinahall.se\/index.php?rest_route=\/wp\/v2\/posts\/27\/revisions"}],"predecessor-version":[{"id":37,"href":"http:\/\/www.katarinahall.se\/index.php?rest_route=\/wp\/v2\/posts\/27\/revisions\/37"}],"wp:featuredmedia":[{"embeddable":true,"href":"http:\/\/www.katarinahall.se\/index.php?rest_route=\/wp\/v2\/media\/28"}],"wp:attachment":[{"href":"http:\/\/www.katarinahall.se\/index.php?rest_route=%2Fwp%2Fv2%2Fmedia&parent=27"}],"wp:term":[{"taxonomy":"category","embeddable":true,"href":"http:\/\/www.katarinahall.se\/index.php?rest_route=%2Fwp%2Fv2%2Fcategories&post=27"},{"taxonomy":"post_tag","embeddable":true,"href":"http:\/\/www.katarinahall.se\/index.php?rest_route=%2Fwp%2Fv2%2Ftags&post=27"}],"curies":[{"name":"wp","href":"https:\/\/api.w.org\/{rel}","templated":true}]}}